{"id":1052,"date":"2025-09-26T11:44:50","date_gmt":"2025-09-26T11:44:50","guid":{"rendered":"https:\/\/cut-solutions.com\/Consulting\/?p=1052"},"modified":"2025-09-23T11:06:06","modified_gmt":"2025-09-23T11:06:06","slug":"nacht-der-technik-2025","status":"publish","type":"post","link":"https:\/\/cut-solutions.com\/Consulting\/nacht-der-technik-2025\/","title":{"rendered":"Nacht der Technik 2025"},"content":{"rendered":"\n<p class=\"\">16. Koblenzer Nacht der Technik am 8. November 2025<\/p>\n\n\n\n<p class=\"\">Am Samstag, 8. November 2025 werden von 14 Uhr bis 24 Uhr im Metall- und Technologiezentrum und in den benachbarten Berufsbildungszentren der Handwerkskammer Koblenz in spannenden Shows, Vortr\u00e4gen, Vorf\u00fchrungen und Mitmachaktionen aktuelle technische und wissenschaftliche Entwicklungen und Anwendungen pr\u00e4sentiert. Neben der Handwerkskammer mit ihrer vielf\u00e4ltigen technologischen Ausstattung und Kompetenz sind auch Partner aus der Forschung und bekannte Hightech-Unternehmen vertreten.<\/p>\n\n\n\n<p class=\"\">Die Vermittlung der Bedeutung und Faszination von Technologie und Forschung steht im Mittelpunkt des bereits \u00fcber die Grenzen der Region bekannten Ereignisses. F\u00fcr Kinder, Jugendliche, aber auch f\u00fcr alle anderen junggebliebenen Menschen ist die Nacht der Technik eine tolle Plattform zur Information \u00fcber interessante Freizeitaktivit\u00e4ten, technische und wissenschaftliche Berufsfelder, innovative Technikanwendungen f\u00fcr Handwerk und Industrie, spannende Studien- und Weiterbildungsm\u00f6glichkeiten und aktuelle Forschungsfelder. Experten der verschiedensten Technologie- und Forschungsbereiche stehen als kompetente Gespr\u00e4chspartner bereit und freuen sich auf neugierige Besucher.<\/p>\n\n\n\n<figure class=\"wp-embed-aspect-16-9 wp-has-aspect-ratio wp-block-embed aligncenter is-type-video is-provider-youtube wp-block-embed-youtube\"><div class=\"wp-block-embed__wrapper\">\n<iframe title=\"Nacht der Technik\" width=\"500\" height=\"281\" src=\"https:\/\/www.youtube.com\/embed\/czP1fEwE1rc?feature=oembed\" frameborder=\"0\" allow=\"accelerometer; autoplay; clipboard-write; encrypted-media; gyroscope; picture-in-picture; web-share\" referrerpolicy=\"strict-origin-when-cross-origin\" allowfullscreen><\/iframe>\n<\/div><\/figure>\n\n\n\n<p class=\"\">Die Koblenzer Nacht der Technik widmet diesmal dem aktuellen BMFTR-Wissenschaftsjahr &#8220;Zukunftsenergien&#8221; sowie dem Internationalen Jahr der Quantenforschung Themenschwerpunkte. In vielen der Shows, Pr\u00e4sentationen, Mitmachaktionen und Ausstellungsbereiche stehen diese Themen im Fokus.<\/p>\n\n\n\n<p class=\"\">Der Eintritt zur Koblenzer Nacht der Technik ist frei.&nbsp;Der Zugang ist barrierefrei.<\/p>\n\n\n\n<figure class=\"wp-block-image is-resized\"><img data-recalc-dims=\"1\" decoding=\"async\" src=\"https:\/\/i0.wp.com\/www.hwk-koblenz.de\/api\/public\/services\/52\/imaging\/v1\/2326\/1\/t\/s%3Bw%3D1520%3Bu%3Dtrue%3Bb%3Dfalse%3Bf%3D0.0%2C0.0\/f\/c%3Bt%3DPNG\/GoSXlj2mM3QU48o.png?ssl=1\" alt=\"Logo des Bundesministeriums f\u00fcr Wirtschaft und Energie\" style=\"width:184px;height:auto\" title=\"Logo des Bundesministeriums f\u00fcr Wirtschaft und Energie\"\/><\/figure>\n\n\n\n<figure class=\"wp-block-image aligncenter\"><img fetchpriority=\"high\" decoding=\"async\" width=\"1520\" height=\"651\" src=\"https:\/\/i0.wp.com\/cut-solutions.com\/Consulting\/wp-content\/uploads\/2025\/08\/Nacht-der-Technik-2025.jpg?fit=1024%2C439&amp;ssl=1\" alt=\"\" class=\"wp-image-1053\" srcset=\"https:\/\/i0.wp.com\/cut-solutions.com\/Consulting\/wp-content\/uploads\/2025\/08\/Nacht-der-Technik-2025.jpg?w=1520&amp;ssl=1 1520w, https:\/\/i0.wp.com\/cut-solutions.com\/Consulting\/wp-content\/uploads\/2025\/08\/Nacht-der-Technik-2025.jpg?resize=300%2C128&amp;ssl=1 300w, https:\/\/i0.wp.com\/cut-solutions.com\/Consulting\/wp-content\/uploads\/2025\/08\/Nacht-der-Technik-2025.jpg?resize=1024%2C439&amp;ssl=1 1024w, https:\/\/i0.wp.com\/cut-solutions.com\/Consulting\/wp-content\/uploads\/2025\/08\/Nacht-der-Technik-2025.jpg?resize=768%2C329&amp;ssl=1 768w, https:\/\/i0.wp.com\/cut-solutions.com\/Consulting\/wp-content\/uploads\/2025\/08\/Nacht-der-Technik-2025.jpg?resize=600%2C257&amp;ssl=1 600w\" sizes=\"(max-width: 1000px) 100vw, 1000px\" \/><\/figure>\n\n\n\n<p class=\"\"><\/p>\n","protected":false},"excerpt":{"rendered":"<p>16. Koblenzer Nacht der Technik am 8. November 2025 Am Samstag, 8. November 2025 werden von 14 Uhr bis 24 Uhr im Metall- und Technologiezentrum und in den benachbarten Berufsbildungszentren der Handwerkskammer Koblenz in spannenden Shows, Vortr\u00e4gen, Vorf\u00fchrungen und Mitmachaktionen aktuelle technische und wissenschaftliche Entwicklungen und Anwendungen pr\u00e4sentiert. Neben der Handwerkskammer mit ihrer vielf\u00e4ltigen technologischen Ausstattung und Kompetenz sind auch Partner aus der Forschung und bekannte Hightech-Unternehmen vertreten. Die Vermittlung der Bedeutung und Faszination von Technologie und Forschung steht im Mittelpunkt des bereits \u00fcber die Grenzen der Region bekannten Ereignisses. F\u00fcr Kinder, Jugendliche, aber auch f\u00fcr alle anderen junggebliebenen Menschen ist die Nacht der Technik eine tolle Plattform zur Information \u00fcber interessante Freizeitaktivit\u00e4ten, technische und wissenschaftliche Berufsfelder, innovative Technikanwendungen f\u00fcr Handwerk und Industrie, spannende Studien- und Weiterbildungsm\u00f6glichkeiten und aktuelle Forschungsfelder. Experten der verschiedensten Technologie- und Forschungsbereiche stehen als kompetente Gespr\u00e4chspartner bereit und freuen sich auf neugierige Besucher. Die Koblenzer Nacht der Technik widmet diesmal dem aktuellen BMFTR-Wissenschaftsjahr &#8220;Zukunftsenergien&#8221; sowie dem Internationalen Jahr der Quantenforschung Themenschwerpunkte. In vielen der Shows, Pr\u00e4sentationen, Mitmachaktionen und Ausstellungsbereiche stehen diese Themen im Fokus. Der Eintritt zur Koblenzer Nacht der Technik ist frei.&nbsp;Der Zugang ist barrierefrei.<\/p>\n","protected":false},"author":1,"featured_media":1056,"comment_status":"closed","ping_status":"open","sticky":false,"template":"","format":"standard","meta":{"nf_dc_page":"","_jetpack_memberships_contains_paid_content":false,"footnotes":""},"categories":[1],"tags":[],"class_list":["post-1052","post","type-post","status-publish","format-standard","has-post-thumbnail","hentry","category-messen-und-ausstellungen"],"jetpack_featured_media_url":"https:\/\/i0.wp.com\/cut-solutions.com\/Consulting\/wp-content\/uploads\/2025\/08\/Nacht-der-Technik-2025-1.jpg?fit=1453%2C651&ssl=1","jetpack_sharing_enabled":true,"_links":{"self":[{"href":"https:\/\/cut-solutions.com\/Consulting\/wp-json\/wp\/v2\/posts\/1052","targetHints":{"allow":["GET"]}}],"collection":[{"href":"https:\/\/cut-solutions.com\/Consulting\/wp-json\/wp\/v2\/posts"}],"about":[{"href":"https:\/\/cut-solutions.com\/Consulting\/wp-json\/wp\/v2\/types\/post"}],"author":[{"embeddable":true,"href":"https:\/\/cut-solutions.com\/Consulting\/wp-json\/wp\/v2\/users\/1"}],"replies":[{"embeddable":true,"href":"https:\/\/cut-solutions.com\/Consulting\/wp-json\/wp\/v2\/comments?post=1052"}],"version-history":[{"count":8,"href":"https:\/\/cut-solutions.com\/Consulting\/wp-json\/wp\/v2\/posts\/1052\/revisions"}],"predecessor-version":[{"id":1260,"href":"https:\/\/cut-solutions.com\/Consulting\/wp-json\/wp\/v2\/posts\/1052\/revisions\/1260"}],"wp:featuredmedia":[{"embeddable":true,"href":"https:\/\/cut-solutions.com\/Consulting\/wp-json\/wp\/v2\/media\/1056"}],"wp:attachment":[{"href":"https:\/\/cut-solutions.com\/Consulting\/wp-json\/wp\/v2\/media?parent=1052"}],"wp:term":[{"taxonomy":"category","embeddable":true,"href":"https:\/\/cut-solutions.com\/Consulting\/wp-json\/wp\/v2\/categories?post=1052"},{"taxonomy":"post_tag","embeddable":true,"href":"https:\/\/cut-solutions.com\/Consulting\/wp-json\/wp\/v2\/tags?post=1052"}],"curies":[{"name":"wp","href":"https:\/\/api.w.org\/{rel}","templated":true}]}}